{"id":123,"date":"2020-12-10T04:02:04","date_gmt":"2020-12-10T08:02:04","guid":{"rendered":"https:\/\/patriaguarani.com\/pg\/?p=123"},"modified":"2020-12-10T04:03:32","modified_gmt":"2020-12-10T08:03:32","slug":"paraguayos-que-hacen-patria-2020","status":"publish","type":"post","link":"https:\/\/patriaguarani.com\/pg\/paraguayos-que-hacen-patria-2020\/","title":{"rendered":"Paraguayos que hacen patria"},"content":{"rendered":"<div id=\"patri-3281797761\" class=\"patri-antes-del-contenido patri-entity-placement\" style=\"margin-left: auto;margin-right: auto;text-align: center;\"><a href=\"http:\/\/www.reimpex.com.py\" aria-label=\"\"><img loading=\"lazy\" decoding=\"async\" src=\"https:\/\/patriaguarani.com\/pg\/wp-content\/uploads\/2018\/06\/reimpex.gif\" alt=\"\"  width=\"1000\" height=\"90\"  style=\"display: inline-block;\" \/><\/a><\/div>\n<p><em>\u00bfQu\u00e9 tienen en com\u00fan? Son paraguayos sobresalientes, que aman a su pa\u00eds y buscan dar lo mejor de s\u00ed mismos ubic\u00e1ndose en el podio de los ganadores. Ellos nos animan a creer en que es posible construir patria desde la distancia.<\/em><\/p>\n\n\n\n<p><strong>Desde distintos puntos del planeta<\/strong>, los hijos de la tierra guaran\u00ed muestran su capacidad y se destacan tanto en el plano local como en el internacional en distintos \u00e1mbitos: matem\u00e1ticas, cine, deportes y tambi\u00e9n en los negocios.<\/p>\n\n\n\n<p><strong>Sebasti\u00e1n Cano<\/strong><\/p>\n\n\n\n<p>A este joven de 17 a\u00f1os, oriundo de Coronel Oviedo, Caaguaz\u00fa, y estudiante del tercer a\u00f1o de la Educaci\u00f3n Media, le apasionan las matem\u00e1ticas. Su empe\u00f1o y dedicaci\u00f3n por el estudio de esta ciencia lo llevaron a alzarse con la medalla de oro en el marco la Olimpiada Iberoamericana de Matem\u00e1ticas (OIM), desarrollado recientemente en Per\u00fa, de manera virtual. \u00a1La primera para Paraguay!<\/p>\n\n\n\n<figure class=\"wp-block-image\"><img decoding=\"async\" src=\"https:\/\/www.lanacion.com.py\/resizer\/BqctaNXgJtHVKR49h3c-pbqQEFE=\/fit-in\/1000x800\/smart\/cloudfront-us-east-1.images.arcpublishing.com\/lanacionpy\/FPHFX2HYP5C6DCT74T5HVLD2ZI.jpg\" alt=\"Sebasti\u00e1n Cano. Foto: Gentileza.\n\"\/><\/figure>\n\n\n\n<p>Sebasti\u00e1n Cano. Foto: Gentileza.<\/p>\n\n\n\n<p><strong>Marcelo Martinessi<\/strong> <\/p>\n\n\n\n<p>El multipremiado guionista y director de cine paraguayo recibi\u00f3 recientemente el Premio Borau-RAE al Mejor Gui\u00f3n Cinematogr\u00e1fico, por la pel\u00edcula Las Herederas. De esta manera, Martinessi se convierte en el primer latinoamericano que gana dicho galard\u00f3n. El premio tiene una dotaci\u00f3n econ\u00f3mica de 20.000 euros, que se entrega junto con una medalla.<\/p>\n\n\n\n<figure class=\"wp-block-image\"><img decoding=\"async\" src=\"https:\/\/www.lanacion.com.py\/resizer\/vpORpX9qhglELxFV_umecxLXh3o=\/fit-in\/1000x800\/smart\/cloudfront-us-east-1.images.arcpublishing.com\/lanacionpy\/YSJZEIHJIFGQXIYZZ6ZDAKGNHM\" alt=\"Marcelo Martinessi. Foto: Archivo.\"\/><\/figure>\n\n\n\n<p>Marcelo Martinessi. Foto: Archivo.<\/p>\n\n\n\n<p><strong>Sharon Weaver<\/strong><\/p>\n\n\n\n<p>La 72\u02da Edici\u00f3n de los Premios Emmy distingui\u00f3 a la cineasta paraguaya, Sharon Jane Weaver Esp\u00ednola, por su extraordinaria labor en la industria televisiva de los Estados Unidos, en la categor\u00eda \u201cMejor edici\u00f3n de im\u00e1genes excepcional para un programa de realidad no estructurada\u201d. Sharon fue premiada por uno de los 6 episodios y parte de la serie Cheer, denominado \u201cGod Blessed Texas\u201d. Se trata de una producci\u00f3n sobre cheerleaders (animadoras o porristas), considerado uno de los deportes m\u00e1s famoso del pa\u00eds norteamericano.<\/p>\n\n\n\n<figure class=\"wp-block-image\"><img decoding=\"async\" src=\"https:\/\/www.lanacion.com.py\/resizer\/COTCwkgXFngl2iqHrweiI2O0l5w=\/fit-in\/1000x800\/smart\/cloudfront-us-east-1.images.arcpublishing.com\/lanacionpy\/ZWOBVYKYEFD6HMWXZNJTFQZCIA.tiff\" alt=\"Sharon Weaver. Foto: Gentileza.\"\/><\/figure>\n\n\n\n<p>Sharon Weaver. Foto: Gentileza.<\/p>\n\n\n\n<p><strong>Ver\u00f3nica Pardo<\/strong><\/p>\n\n\n\n<p>Con su colecci\u00f3n de prendas gastron\u00f3micas denominada \u201cPokoi\u201d, que incorpora componentes de la artesan\u00eda Mbya Guaran\u00ed, Ver\u00f3nica Pardo logr\u00f3 el primer puesto del Premio a la Innovaci\u00f3n 2020, organizado por la UIP. La joven dise\u00f1adora fusiona moda y artesan\u00eda en delantales, chaquetas, pantalones, sombreros y una variedad de accesorios incorporados a la cocina nacional e internacional. Ha realizado dise\u00f1os con aplicaciones de ao po\u00b4i y \u00f1andut\u00ed.<\/p>\n\n\n\n<figure class=\"wp-block-image\"><img decoding=\"async\" src=\"https:\/\/www.lanacion.com.py\/resizer\/grXIqrxsbKXLlsHlQRmKnm4EoSY=\/fit-in\/1000x800\/smart\/cloudfront-us-east-1.images.arcpublishing.com\/lanacionpy\/JLBKFB3OD5BQPOWWECCTJ4RU64.jpg\" alt=\"Ver\u00f3nica Pardo. Foto: Gentileza\"\/><\/figure>\n\n\n\n<p>Ver\u00f3nica Pardo. Foto: Gentileza<\/p>\n\n\n\n<p><strong>Benjam\u00edn Kunzle<\/strong><\/p>\n\n\n\n<p>Tiene 21 a\u00f1os y se destaca en la disciplina del arte marcial brasile\u00f1o jiu-jitsu en el estado de Florida, en Estados Unidos. Lleva conquistadas varias medallas de oro y hace poco subi\u00f3 al podio de los ganadores del Atlanta International Open IBJJF Jiu-Jitsu Championship 2020, donde super\u00f3 a Elijah Pizarro, rankeado como el n\u00famero 4 del mundo. En otra modalidad, \u201cFight to Win 157\u201d, realizado en Philadelphia, super\u00f3 a Cristopher Emery, tambi\u00e9n registrando otra medalla de campe\u00f3n.<\/p>\n\n\n\n<figure class=\"wp-block-image\"><img decoding=\"async\" src=\"https:\/\/www.lanacion.com.py\/resizer\/rhg_bKJs4WOA_xS6RL18LID6dDg=\/fit-in\/1000x800\/smart\/cloudfront-us-east-1.images.arcpublishing.com\/lanacionpy\/COZXZJF45JA3FPKBNVD3GI4RQU.jpeg\" alt=\"\"\/><\/figure>\n\n\n\n<p>Fuente: <a href=\"http:\/\/foco.lanacion.com.py\/2020\/12\/07\/paraguayos-que-hacen-patria\/\">Revista Foco \/ Diario La Naci\u00f3n<\/a> 2020-12-07<\/p>\n","protected":false},"excerpt":{"rendered":"<p>Paraguayos sobresalientes, que aman a su pa\u00eds y buscan dar lo mejor de s\u00ed mismos ubic\u00e1ndose en el podio de los ganadores. Ellos nos animan a creer en que es posible construir patria desde la distancia.<\/p>\n","protected":false},"author":2,"featured_media":0,"comment_status":"closed","ping_status":"closed","sticky":false,"template":"","format":"standard","meta":{"footnotes":""},"categories":[6,54],"tags":[58,57,61,60,59],"class_list":["post-123","post","type-post","status-publish","format-standard","hentry","category-cienciasytecnologias","category-internacionales","tag-arte","tag-ciencias","tag-emprendedores","tag-emprendimientos","tag-tecnologias"],"_links":{"self":[{"href":"https:\/\/patriaguarani.com\/pg\/wp-json\/wp\/v2\/posts\/123","targetHints":{"allow":["GET"]}}],"collection":[{"href":"https:\/\/patriaguarani.com\/pg\/wp-json\/wp\/v2\/posts"}],"about":[{"href":"https:\/\/patriaguarani.com\/pg\/wp-json\/wp\/v2\/types\/post"}],"author":[{"embeddable":true,"href":"https:\/\/patriaguarani.com\/pg\/wp-json\/wp\/v2\/users\/2"}],"replies":[{"embeddable":true,"href":"https:\/\/patriaguarani.com\/pg\/wp-json\/wp\/v2\/comments?post=123"}],"version-history":[{"count":1,"href":"https:\/\/patriaguarani.com\/pg\/wp-json\/wp\/v2\/posts\/123\/revisions"}],"predecessor-version":[{"id":124,"href":"https:\/\/patriaguarani.com\/pg\/wp-json\/wp\/v2\/posts\/123\/revisions\/124"}],"wp:attachment":[{"href":"https:\/\/patriaguarani.com\/pg\/wp-json\/wp\/v2\/media?parent=123"}],"wp:term":[{"taxonomy":"category","embeddable":true,"href":"https:\/\/patriaguarani.com\/pg\/wp-json\/wp\/v2\/categories?post=123"},{"taxonomy":"post_tag","embeddable":true,"href":"https:\/\/patriaguarani.com\/pg\/wp-json\/wp\/v2\/tags?post=123"}],"curies":[{"name":"wp","href":"https:\/\/api.w.org\/{rel}","templated":true}]}}