{"id":55,"date":"2018-06-25T18:27:37","date_gmt":"2018-06-25T22:27:37","guid":{"rendered":"https:\/\/patriaguarani.com\/pg\/?p=55"},"modified":"2018-06-25T18:27:37","modified_gmt":"2018-06-25T22:27:37","slug":"las-aldeas-sos-lanzan-deseos-para-la-infancia","status":"publish","type":"post","link":"https:\/\/patriaguarani.com\/pg\/las-aldeas-sos-lanzan-deseos-para-la-infancia\/","title":{"rendered":"Las Aldeas SOS lanzan deseos para la infancia"},"content":{"rendered":"<div id=\"patri-1390431197\" class=\"patri-antes-del-contenido patri-entity-placement\" style=\"margin-left: auto;margin-right: auto;text-align: center;\"><a href=\"http:\/\/www.reimpex.com.py\" aria-label=\"\"><img loading=\"lazy\" decoding=\"async\" src=\"https:\/\/patriaguarani.com\/pg\/wp-content\/uploads\/2018\/06\/reimpex.gif\" alt=\"\"  width=\"1000\" height=\"90\"  style=\"display: inline-block;\" \/><\/a><\/div><p>Con una campa\u00f1a dedicada a la ni\u00f1ez, Aldeas Infantiles SOS celebran sus 69 a\u00f1os de obra a nivel internacional. Olegario Olmedo, presidente local de la entidad, explic\u00f3 que se trata de un servicio presente en 20 pa\u00edses de Latinoam\u00e9rica y el Caribe, y en unos 130 m\u00e1s del mundo.<\/p>\n<p>Fuente: <a href=\"http:\/\/www.abc.com.py\/edicion-impresa\/locales\/las-aldeas-sos-lanzan-deseos-para-la-infancia-1715423.html\">Abc Color<\/a><\/p>\n","protected":false},"excerpt":{"rendered":"<p>Con una campa\u00f1a dedicada a la ni\u00f1ez, Aldeas Infantiles SOS celebran sus 69 a\u00f1os de obra a nivel internacional. Olegario Olmedo, presidente local de la entidad, explic\u00f3 que se trata&hellip;<\/p>\n","protected":false},"author":2,"featured_media":0,"comment_status":"closed","ping_status":"closed","sticky":false,"template":"","format":"standard","meta":{"footnotes":""},"categories":[42],"tags":[43],"class_list":["post-55","post","type-post","status-publish","format-standard","hentry","category-locales","tag-aldeas-sos"],"_links":{"self":[{"href":"https:\/\/patriaguarani.com\/pg\/wp-json\/wp\/v2\/posts\/55","targetHints":{"allow":["GET"]}}],"collection":[{"href":"https:\/\/patriaguarani.com\/pg\/wp-json\/wp\/v2\/posts"}],"about":[{"href":"https:\/\/patriaguarani.com\/pg\/wp-json\/wp\/v2\/types\/post"}],"author":[{"embeddable":true,"href":"https:\/\/patriaguarani.com\/pg\/wp-json\/wp\/v2\/users\/2"}],"replies":[{"embeddable":true,"href":"https:\/\/patriaguarani.com\/pg\/wp-json\/wp\/v2\/comments?post=55"}],"version-history":[{"count":1,"href":"https:\/\/patriaguarani.com\/pg\/wp-json\/wp\/v2\/posts\/55\/revisions"}],"predecessor-version":[{"id":56,"href":"https:\/\/patriaguarani.com\/pg\/wp-json\/wp\/v2\/posts\/55\/revisions\/56"}],"wp:attachment":[{"href":"https:\/\/patriaguarani.com\/pg\/wp-json\/wp\/v2\/media?parent=55"}],"wp:term":[{"taxonomy":"category","embeddable":true,"href":"https:\/\/patriaguarani.com\/pg\/wp-json\/wp\/v2\/categories?post=55"},{"taxonomy":"post_tag","embeddable":true,"href":"https:\/\/patriaguarani.com\/pg\/wp-json\/wp\/v2\/tags?post=55"}],"curies":[{"name":"wp","href":"https:\/\/api.w.org\/{rel}","templated":true}]}}